{"id":5882,"date":"2024-08-30T09:10:16","date_gmt":"2024-08-30T07:10:16","guid":{"rendered":"https:\/\/vrtecsemedela.si\/?p=5882"},"modified":"2024-08-30T09:11:15","modified_gmt":"2024-08-30T07:11:15","slug":"obvestilo-4","status":"publish","type":"post","link":"https:\/\/vrtecsemedela.si\/index.php\/obvestilo-4\/","title":{"rendered":"Obvestilo star\u0161em otrok enote Markovec"},"content":{"rendered":"\n<p>Spo\u0161tovani otroci enote Markovec,&nbsp;spo\u0161tovani star\u0161i,<\/p>\n\n\n\n<p>z veseljem vam sporo\u010damo, da so dela v enoti Markovec zaklju\u010dena. <span style=\"color: #3366ff;\"><strong>V ponedeljek, 2. 9. 2024, vas pri\u010dakujemo v na\u0161i prenovljeni enoti.<\/strong><\/span><\/p>\n\n\n\n<figure class=\"wp-block-image size-large\"><img loading=\"lazy\" decoding=\"async\" width=\"1024\" height=\"570\" src=\"https:\/\/vrtecsemedela.si\/wp-content\/uploads\/2024\/08\/20240829_112002-1024x570.jpg\" alt=\"\" class=\"wp-image-5885\" srcset=\"https:\/\/vrtecsemedela.si\/wp-content\/uploads\/2024\/08\/20240829_112002-1024x570.jpg 1024w, https:\/\/vrtecsemedela.si\/wp-content\/uploads\/2024\/08\/20240829_112002-300x167.jpg 300w, https:\/\/vrtecsemedela.si\/wp-content\/uploads\/2024\/08\/20240829_112002-768x428.jpg 768w, https:\/\/vrtecsemedela.si\/wp-content\/uploads\/2024\/08\/20240829_112002-1536x855.jpg 1536w, https:\/\/vrtecsemedela.si\/wp-content\/uploads\/2024\/08\/20240829_112002-2048x1140.jpg 2048w\" sizes=\"auto, (max-width: 1024px) 100vw, 1024px\" \/><\/figure>\n\n\n\n<p>Zahvaljujemo se vam za potrpljenje in sodelovanje ter vsem skupaj \u017eelimo prijetno bivanje v prenovljenih prostorih.<\/p>\n\n\n\n<p>Lep pozdrav,<\/p>\n\n\n\n<p>\u00a0 \u00a0 \u00a0 \u00a0 \u00a0 \u00a0 \u00a0 \u00a0 \u00a0 \u00a0 \u00a0 \u00a0 \u00a0 \u00a0 \u00a0 \u00a0 \u00a0 \u00a0 \u00a0 \u00a0 \u00a0 \u00a0 \u00a0 \u00a0 \u00a0 \u00a0 \u00a0 \u00a0 \u00a0 \u00a0 \u00a0 \u00a0 \u00a0 \u00a0 \u00a0 \u00a0 \u00a0 \u00a0 \u00a0 \u00a0 \u00a0                                Tja\u0161a Rapotec, ravnateljica<\/p>\n","protected":false},"excerpt":{"rendered":"<p>Spo\u0161tovani otroci enote Markovec,&nbsp;spo\u0161tovani star\u0161i, z veseljem vam sporo\u010damo, da so dela v enoti Markovec zaklju\u010dena. V ponedeljek, 2. 9. 2024, vas pri\u010dakujemo v na\u0161i prenovljeni enoti. Zahvaljujemo se vam za potrpljenje in sodelovanje ter vsem skupaj \u017eelimo prijetno bivanje v prenovljenih prostorih. Lep pozdrav, \u00a0 \u00a0 \u00a0 \u00a0 \u00a0 \u00a0 \u00a0 \u00a0 \u00a0 \u00a0 &hellip; <\/p>\n<p class=\"link-more\"><a href=\"https:\/\/vrtecsemedela.si\/index.php\/obvestilo-4\/\" class=\"more-link\">Continue reading<span class=\"screen-reader-text\"> &#8220;Obvestilo star\u0161em otrok enote Markovec&#8221;<\/span><\/a><\/p>\n","protected":false},"author":11,"featured_media":528,"comment_status":"closed","ping_status":"closed","sticky":false,"template":"","format":"standard","meta":{"footnotes":""},"categories":[9,8],"tags":[],"class_list":["post-5882","post","type-post","status-publish","format-standard","has-post-thumbnail","hentry","category-markovec","category-novice"],"_links":{"self":[{"href":"https:\/\/vrtecsemedela.si\/index.php\/wp-json\/wp\/v2\/posts\/5882","targetHints":{"allow":["GET"]}}],"collection":[{"href":"https:\/\/vrtecsemedela.si\/index.php\/wp-json\/wp\/v2\/posts"}],"about":[{"href":"https:\/\/vrtecsemedela.si\/index.php\/wp-json\/wp\/v2\/types\/post"}],"author":[{"embeddable":true,"href":"https:\/\/vrtecsemedela.si\/index.php\/wp-json\/wp\/v2\/users\/11"}],"replies":[{"embeddable":true,"href":"https:\/\/vrtecsemedela.si\/index.php\/wp-json\/wp\/v2\/comments?post=5882"}],"version-history":[{"count":5,"href":"https:\/\/vrtecsemedela.si\/index.php\/wp-json\/wp\/v2\/posts\/5882\/revisions"}],"predecessor-version":[{"id":5888,"href":"https:\/\/vrtecsemedela.si\/index.php\/wp-json\/wp\/v2\/posts\/5882\/revisions\/5888"}],"wp:featuredmedia":[{"embeddable":true,"href":"https:\/\/vrtecsemedela.si\/index.php\/wp-json\/wp\/v2\/media\/528"}],"wp:attachment":[{"href":"https:\/\/vrtecsemedela.si\/index.php\/wp-json\/wp\/v2\/media?parent=5882"}],"wp:term":[{"taxonomy":"category","embeddable":true,"href":"https:\/\/vrtecsemedela.si\/index.php\/wp-json\/wp\/v2\/categories?post=5882"},{"taxonomy":"post_tag","embeddable":true,"href":"https:\/\/vrtecsemedela.si\/index.php\/wp-json\/wp\/v2\/tags?post=5882"}],"curies":[{"name":"wp","href":"https:\/\/api.w.org\/{rel}","templated":true}]}}