{"id":4872,"date":"2024-02-21T08:12:00","date_gmt":"2024-02-21T07:12:00","guid":{"rendered":"http:\/\/vrtecsemedela.si\/?p=4872"},"modified":"2024-02-21T08:14:01","modified_gmt":"2024-02-21T07:14:01","slug":"poziv-k-vpisu-otrok-v-vrtec-za-solsko-leto-2024-25","status":"publish","type":"post","link":"https:\/\/vrtecsemedela.si\/index.php\/poziv-k-vpisu-otrok-v-vrtec-za-solsko-leto-2024-25\/","title":{"rendered":"POZIV K VPISU OTROK V VRTEC ZA \u0160OLSKO LETO 2024\/25"},"content":{"rendered":"<p>Spo\u0161tovani star\u0161i,<\/p>\n<p><strong>danes, v \u010detrtek, 1. februarja se pri\u010denja vpis otrok v vrtec za \u0161olsko leto 2024\/25<\/strong>. <strong><span style=\"color: #0000ff;\">Vpis poteka od 1. 2.<\/span>&nbsp; <span style=\"color: #0000ff;\">do 1. 3. 2024.<\/span><\/strong> Ve\u010d informacij o vpisu, oddaji vloge najdete v prilo\u017eenem dokumentu.<\/p>\n<p>Hkrati vas vabimo, da si na na\u0161i spletni strani preberete tudi nekaj splo\u0161nih informacij o <a href=\"https:\/\/vrtecsemedela.si\/index.php\/vpis-v-vrtec\/\">postopku vpisa otroka v vrtec<\/a>.<\/p>\n\n\n<div data-wp-interactive=\"core\/file\" class=\"wp-block-file\"><object data-wp-bind--hidden=\"!state.hasPdfPreview\" hidden class=\"wp-block-file__embed\" data=\"https:\/\/vrtecsemedela.si\/wp-content\/uploads\/2024\/01\/VPIS-V-VRTEC-SOL_LETO_24-25.pdf\" type=\"application\/pdf\" style=\"width:100%;height:600px\" aria-label=\"Embed of POZIV VPIS V VRTEC ZA \u0160OLSKO LETO 2024\/25.\"><\/object><a id=\"wp-block-file--media-f981130b-7300-4de7-a3d3-f1454ccf2c3c\" href=\"https:\/\/vrtecsemedela.si\/wp-content\/uploads\/2024\/01\/VPIS-V-VRTEC-SOL_LETO_24-25.pdf\" target=\"_blank\" rel=\"noreferrer noopener\">POZIV VPIS V VRTEC ZA \u0160OLSKO LETO 2024\/25<\/a><\/div>\n","protected":false},"excerpt":{"rendered":"<p>Spo\u0161tovani star\u0161i, danes, v \u010detrtek, 1. februarja se pri\u010denja vpis otrok v vrtec za \u0161olsko leto 2024\/25. Vpis poteka od 1. 2.&nbsp; do 1. 3. 2024. Ve\u010d informacij o vpisu, oddaji vloge najdete v prilo\u017eenem dokumentu. Hkrati vas vabimo, da si na na\u0161i spletni strani preberete tudi nekaj splo\u0161nih informacij o postopku vpisa otroka v &hellip; <\/p>\n<p class=\"link-more\"><a href=\"https:\/\/vrtecsemedela.si\/index.php\/poziv-k-vpisu-otrok-v-vrtec-za-solsko-leto-2024-25\/\" class=\"more-link\">Continue reading<span class=\"screen-reader-text\"> &#8220;POZIV K VPISU OTROK V VRTEC ZA \u0160OLSKO LETO 2024\/25&#8221;<\/span><\/a><\/p>\n","protected":false},"author":11,"featured_media":183,"comment_status":"closed","ping_status":"closed","sticky":false,"template":"","format":"standard","meta":{"footnotes":""},"categories":[8],"tags":[],"class_list":["post-4872","post","type-post","status-publish","format-standard","has-post-thumbnail","hentry","category-novice"],"_links":{"self":[{"href":"https:\/\/vrtecsemedela.si\/index.php\/wp-json\/wp\/v2\/posts\/4872","targetHints":{"allow":["GET"]}}],"collection":[{"href":"https:\/\/vrtecsemedela.si\/index.php\/wp-json\/wp\/v2\/posts"}],"about":[{"href":"https:\/\/vrtecsemedela.si\/index.php\/wp-json\/wp\/v2\/types\/post"}],"author":[{"embeddable":true,"href":"https:\/\/vrtecsemedela.si\/index.php\/wp-json\/wp\/v2\/users\/11"}],"replies":[{"embeddable":true,"href":"https:\/\/vrtecsemedela.si\/index.php\/wp-json\/wp\/v2\/comments?post=4872"}],"version-history":[{"count":7,"href":"https:\/\/vrtecsemedela.si\/index.php\/wp-json\/wp\/v2\/posts\/4872\/revisions"}],"predecessor-version":[{"id":6565,"href":"https:\/\/vrtecsemedela.si\/index.php\/wp-json\/wp\/v2\/posts\/4872\/revisions\/6565"}],"wp:featuredmedia":[{"embeddable":true,"href":"https:\/\/vrtecsemedela.si\/index.php\/wp-json\/wp\/v2\/media\/183"}],"wp:attachment":[{"href":"https:\/\/vrtecsemedela.si\/index.php\/wp-json\/wp\/v2\/media?parent=4872"}],"wp:term":[{"taxonomy":"category","embeddable":true,"href":"https:\/\/vrtecsemedela.si\/index.php\/wp-json\/wp\/v2\/categories?post=4872"},{"taxonomy":"post_tag","embeddable":true,"href":"https:\/\/vrtecsemedela.si\/index.php\/wp-json\/wp\/v2\/tags?post=4872"}],"curies":[{"name":"wp","href":"https:\/\/api.w.org\/{rel}","templated":true}]}}