{"id":4514,"date":"2023-12-05T14:53:00","date_gmt":"2023-12-05T13:53:00","guid":{"rendered":"http:\/\/vrtecsemedela.si\/?p=4514"},"modified":"2023-12-11T06:45:27","modified_gmt":"2023-12-11T05:45:27","slug":"mednarodni-dan-strpnosti","status":"publish","type":"post","link":"https:\/\/vrtecsemedela.si\/index.php\/mednarodni-dan-strpnosti\/","title":{"rendered":"MEDNARODNI DAN STRPNOSTI"},"content":{"rendered":"\n<p class=\"has-text-align-center has-cool-to-warm-spectrum-gradient-background has-background\">V \u010detrtek, 16. 11. 2023, smo tudi v vrtcu Semedela obele\u017eili Dan strpnosti &#8211; dan za strpnost in prijatelljstvo. Leto\u0161nja tema projekta se je glasila <strong>STOP SOVRA\u017dNEMU GOVORU \u2013 SPO\u0160TUJMO RAZLIKE MED NAMI<\/strong>. Namen projekta je, da skozi uresni\u010devanje vseh ciljev spodbujamo prijateljstvo med otroki, medsebojno spo\u0161tovanje, razumevanje, sprejemanje ter posledi\u010dno tudi sodelovanje med njimi.<\/p>\n\n\n\n<p class=\"has-text-align-center has-cool-to-warm-spectrum-gradient-background has-background\">Potekalo je takole:<\/p>\n\n\n\n<p class=\"has-text-align-left has-vivid-green-cyan-color has-text-color\"><strong>ENOTA HRVATINI<\/strong><\/p>\n\n\n\n<p class=\"has-vivid-green-cyan-color has-text-color\">Otroci so se ogledali v ogledalu, med seboj ter poiskali medsebojne razlike. Ugotovili smo, da imamo tudi veliko skupnega, a najbolj je pomembno, da si med seboj pomagamo, smo prijatelji, se spo\u0161tujemo in tako negujemo strpnost. Vse to smo tudi narisali in prepletli v mre\u017eo prijateljstva.<\/p>\n\n\n\n<figure class=\"wp-block-gallery has-nested-images columns-default is-cropped wp-block-gallery-1 is-layout-flex wp-block-gallery-is-layout-flex\">\n<figure class=\"wp-block-image size-large\"><img loading=\"lazy\" decoding=\"async\" width=\"768\" height=\"1024\" data-id=\"4516\" src=\"https:\/\/vrtecsemedela.si\/wp-content\/uploads\/2023\/11\/370310322_858712995748129_7195823642530303686_n-768x1024.jpg\" alt=\"\" class=\"wp-image-4516\" srcset=\"https:\/\/vrtecsemedela.si\/wp-content\/uploads\/2023\/11\/370310322_858712995748129_7195823642530303686_n-768x1024.jpg 768w, https:\/\/vrtecsemedela.si\/wp-content\/uploads\/2023\/11\/370310322_858712995748129_7195823642530303686_n-225x300.jpg 225w, https:\/\/vrtecsemedela.si\/wp-content\/uploads\/2023\/11\/370310322_858712995748129_7195823642530303686_n-1152x1536.jpg 1152w, https:\/\/vrtecsemedela.si\/wp-content\/uploads\/2023\/11\/370310322_858712995748129_7195823642530303686_n.jpg 1500w\" sizes=\"auto, (max-width: 768px) 100vw, 768px\" \/><\/figure>\n\n\n\n<figure class=\"wp-block-image size-large is-style-default\"><img loading=\"lazy\" decoding=\"async\" width=\"1024\" height=\"768\" data-id=\"4517\" src=\"https:\/\/vrtecsemedela.si\/wp-content\/uploads\/2023\/11\/400162365_865487014959934_7653494277384504089_n-1024x768.jpg\" alt=\"\" class=\"wp-image-4517\" srcset=\"https:\/\/vrtecsemedela.si\/wp-content\/uploads\/2023\/11\/400162365_865487014959934_7653494277384504089_n-1024x768.jpg 1024w, https:\/\/vrtecsemedela.si\/wp-content\/uploads\/2023\/11\/400162365_865487014959934_7653494277384504089_n-300x225.jpg 300w, https:\/\/vrtecsemedela.si\/wp-content\/uploads\/2023\/11\/400162365_865487014959934_7653494277384504089_n-768x576.jpg 768w, https:\/\/vrtecsemedela.si\/wp-content\/uploads\/2023\/11\/400162365_865487014959934_7653494277384504089_n-1536x1152.jpg 1536w, https:\/\/vrtecsemedela.si\/wp-content\/uploads\/2023\/11\/400162365_865487014959934_7653494277384504089_n.jpg 2000w\" sizes=\"auto, (max-width: 1024px) 100vw, 1024px\" \/><\/figure>\n\n\n\n<figure class=\"wp-block-image size-large\"><img loading=\"lazy\" decoding=\"async\" width=\"1024\" height=\"768\" data-id=\"4518\" src=\"https:\/\/vrtecsemedela.si\/wp-content\/uploads\/2023\/11\/IMG_20231114_104644-1024x768.jpg\" alt=\"\" class=\"wp-image-4518\" srcset=\"https:\/\/vrtecsemedela.si\/wp-content\/uploads\/2023\/11\/IMG_20231114_104644-1024x768.jpg 1024w, https:\/\/vrtecsemedela.si\/wp-content\/uploads\/2023\/11\/IMG_20231114_104644-300x225.jpg 300w, https:\/\/vrtecsemedela.si\/wp-content\/uploads\/2023\/11\/IMG_20231114_104644-768x576.jpg 768w, https:\/\/vrtecsemedela.si\/wp-content\/uploads\/2023\/11\/IMG_20231114_104644-1536x1152.jpg 1536w, https:\/\/vrtecsemedela.si\/wp-content\/uploads\/2023\/11\/IMG_20231114_104644-2048x1536.jpg 2048w\" sizes=\"auto, (max-width: 1024px) 100vw, 1024px\" \/><\/figure>\n<\/figure>\n\n\n<div class=\"wp-block-image\">\n<figure class=\"aligncenter size-large is-resized\"><img loading=\"lazy\" decoding=\"async\" src=\"https:\/\/vrtecsemedela.si\/wp-content\/uploads\/2023\/11\/IMG_20231116_131509-1024x768.jpg\" alt=\"\" class=\"wp-image-4519\" width=\"511\" height=\"383\" srcset=\"https:\/\/vrtecsemedela.si\/wp-content\/uploads\/2023\/11\/IMG_20231116_131509-1024x768.jpg 1024w, https:\/\/vrtecsemedela.si\/wp-content\/uploads\/2023\/11\/IMG_20231116_131509-300x225.jpg 300w, https:\/\/vrtecsemedela.si\/wp-content\/uploads\/2023\/11\/IMG_20231116_131509-768x576.jpg 768w, https:\/\/vrtecsemedela.si\/wp-content\/uploads\/2023\/11\/IMG_20231116_131509-1536x1152.jpg 1536w, https:\/\/vrtecsemedela.si\/wp-content\/uploads\/2023\/11\/IMG_20231116_131509-2048x1536.jpg 2048w\" sizes=\"auto, (max-width: 511px) 100vw, 511px\" \/><\/figure><\/div>\n\n\n<p class=\"has-text-align-right has-luminous-vivid-orange-color has-text-color\"><strong>ENOTA ROZMANOVA<\/strong><\/p>\n\n\n\n<p class=\"has-text-align-right has-luminous-vivid-orange-color has-text-color\">Opazovali smo se v ogledalu in s prijatelji ob risanju ugotavljali, kaj ima prijatelj druga\u010dnega.<\/p>\n\n\n\n<figure class=\"wp-block-gallery has-nested-images columns-default is-cropped wp-block-gallery-2 is-layout-flex wp-block-gallery-is-layout-flex\">\n<figure class=\"wp-block-image size-large\"><img loading=\"lazy\" decoding=\"async\" width=\"1024\" height=\"951\" data-id=\"4520\" src=\"https:\/\/vrtecsemedela.si\/wp-content\/uploads\/2023\/11\/IMG_20231120_171317-1024x951.jpg\" alt=\"\" class=\"wp-image-4520\" srcset=\"https:\/\/vrtecsemedela.si\/wp-content\/uploads\/2023\/11\/IMG_20231120_171317-1024x951.jpg 1024w, https:\/\/vrtecsemedela.si\/wp-content\/uploads\/2023\/11\/IMG_20231120_171317-300x279.jpg 300w, https:\/\/vrtecsemedela.si\/wp-content\/uploads\/2023\/11\/IMG_20231120_171317-768x713.jpg 768w, https:\/\/vrtecsemedela.si\/wp-content\/uploads\/2023\/11\/IMG_20231120_171317-1536x1427.jpg 1536w, https:\/\/vrtecsemedela.si\/wp-content\/uploads\/2023\/11\/IMG_20231120_171317-2048x1903.jpg 2048w\" sizes=\"auto, (max-width: 1024px) 100vw, 1024px\" \/><figcaption class=\"wp-element-caption\">hdrpl<\/figcaption><\/figure>\n\n\n\n<figure class=\"wp-block-image size-large\"><img loading=\"lazy\" decoding=\"async\" width=\"768\" height=\"1024\" data-id=\"4521\" src=\"https:\/\/vrtecsemedela.si\/wp-content\/uploads\/2023\/11\/IMG_20231121_114706-1-768x1024.jpg\" alt=\"\" class=\"wp-image-4521\" srcset=\"https:\/\/vrtecsemedela.si\/wp-content\/uploads\/2023\/11\/IMG_20231121_114706-1-768x1024.jpg 768w, https:\/\/vrtecsemedela.si\/wp-content\/uploads\/2023\/11\/IMG_20231121_114706-1-225x300.jpg 225w, https:\/\/vrtecsemedela.si\/wp-content\/uploads\/2023\/11\/IMG_20231121_114706-1-1152x1536.jpg 1152w, https:\/\/vrtecsemedela.si\/wp-content\/uploads\/2023\/11\/IMG_20231121_114706-1-1536x2048.jpg 1536w, https:\/\/vrtecsemedela.si\/wp-content\/uploads\/2023\/11\/IMG_20231121_114706-1-scaled.jpg 1920w\" sizes=\"auto, (max-width: 768px) 100vw, 768px\" \/><\/figure>\n\n\n\n<figure class=\"wp-block-image size-large\"><img loading=\"lazy\" decoding=\"async\" width=\"768\" height=\"1024\" data-id=\"4524\" src=\"https:\/\/vrtecsemedela.si\/wp-content\/uploads\/2023\/11\/fff-1-768x1024.jpg\" alt=\"\" class=\"wp-image-4524\"\/><\/figure>\n<\/figure>\n\n\n\n<p class=\"has-text-align-center has-vivid-cyan-blue-color has-text-color\"><strong>ENOTA MARKOVEC<\/strong><\/p>\n\n\n\n<figure class=\"wp-block-gallery has-nested-images columns-default is-cropped wp-block-gallery-3 is-layout-flex wp-block-gallery-is-layout-flex\">\n<figure class=\"wp-block-image size-large\"><img loading=\"lazy\" decoding=\"async\" width=\"1024\" height=\"804\" data-id=\"4525\" src=\"https:\/\/vrtecsemedela.si\/wp-content\/uploads\/2023\/11\/IMG_3852-1024x804.jpg\" alt=\"\" class=\"wp-image-4525\" srcset=\"https:\/\/vrtecsemedela.si\/wp-content\/uploads\/2023\/11\/IMG_3852-1024x804.jpg 1024w, https:\/\/vrtecsemedela.si\/wp-content\/uploads\/2023\/11\/IMG_3852-300x236.jpg 300w, https:\/\/vrtecsemedela.si\/wp-content\/uploads\/2023\/11\/IMG_3852-768x603.jpg 768w, https:\/\/vrtecsemedela.si\/wp-content\/uploads\/2023\/11\/IMG_3852-1536x1206.jpg 1536w, https:\/\/vrtecsemedela.si\/wp-content\/uploads\/2023\/11\/IMG_3852-2048x1608.jpg 2048w\" sizes=\"auto, (max-width: 1024px) 100vw, 1024px\" \/><\/figure>\n\n\n\n<figure class=\"wp-block-image size-large\"><img loading=\"lazy\" decoding=\"async\" width=\"768\" height=\"1024\" data-id=\"4526\" src=\"https:\/\/vrtecsemedela.si\/wp-content\/uploads\/2023\/11\/20231115_101932-768x1024.jpg\" alt=\"\" class=\"wp-image-4526\" srcset=\"https:\/\/vrtecsemedela.si\/wp-content\/uploads\/2023\/11\/20231115_101932-768x1024.jpg 768w, https:\/\/vrtecsemedela.si\/wp-content\/uploads\/2023\/11\/20231115_101932-225x300.jpg 225w, https:\/\/vrtecsemedela.si\/wp-content\/uploads\/2023\/11\/20231115_101932-1152x1536.jpg 1152w, https:\/\/vrtecsemedela.si\/wp-content\/uploads\/2023\/11\/20231115_101932-1536x2048.jpg 1536w, https:\/\/vrtecsemedela.si\/wp-content\/uploads\/2023\/11\/20231115_101932-scaled.jpg 1920w\" sizes=\"auto, (max-width: 768px) 100vw, 768px\" \/><\/figure>\n\n\n\n<figure class=\"wp-block-image size-large\"><img loading=\"lazy\" decoding=\"async\" width=\"1024\" height=\"768\" data-id=\"4527\" src=\"https:\/\/vrtecsemedela.si\/wp-content\/uploads\/2023\/11\/IMG_3857-1024x768.jpg\" alt=\"\" class=\"wp-image-4527\" srcset=\"https:\/\/vrtecsemedela.si\/wp-content\/uploads\/2023\/11\/IMG_3857-1024x768.jpg 1024w, https:\/\/vrtecsemedela.si\/wp-content\/uploads\/2023\/11\/IMG_3857-300x225.jpg 300w, https:\/\/vrtecsemedela.si\/wp-content\/uploads\/2023\/11\/IMG_3857-768x576.jpg 768w, https:\/\/vrtecsemedela.si\/wp-content\/uploads\/2023\/11\/IMG_3857-1536x1152.jpg 1536w, https:\/\/vrtecsemedela.si\/wp-content\/uploads\/2023\/11\/IMG_3857-2048x1536.jpg 2048w\" sizes=\"auto, (max-width: 1024px) 100vw, 1024px\" \/><\/figure>\n<\/figure>\n\n\n<div class=\"wp-block-image\">\n<figure class=\"aligncenter size-large is-resized\"><img loading=\"lazy\" decoding=\"async\" src=\"https:\/\/vrtecsemedela.si\/wp-content\/uploads\/2023\/11\/20231117_140558-1-1024x768.jpg\" alt=\"\" class=\"wp-image-4528\" width=\"517\" height=\"388\" srcset=\"https:\/\/vrtecsemedela.si\/wp-content\/uploads\/2023\/11\/20231117_140558-1-1024x768.jpg 1024w, https:\/\/vrtecsemedela.si\/wp-content\/uploads\/2023\/11\/20231117_140558-1-300x225.jpg 300w, https:\/\/vrtecsemedela.si\/wp-content\/uploads\/2023\/11\/20231117_140558-1-768x576.jpg 768w, https:\/\/vrtecsemedela.si\/wp-content\/uploads\/2023\/11\/20231117_140558-1-1536x1152.jpg 1536w, https:\/\/vrtecsemedela.si\/wp-content\/uploads\/2023\/11\/20231117_140558-1-2048x1536.jpg 2048w\" sizes=\"auto, (max-width: 517px) 100vw, 517px\" \/><\/figure><\/div>\n\n\n<p class=\"has-vivid-purple-color has-text-color\">ENOTA PRISOJE <\/p>\n\n\n\n<ul class=\"has-vivid-purple-color has-text-color wp-block-list\">\n<li>POGOVOR Z OTROKI O TEM, KAKO SMO SI VSI RAZLI\u010cNI IN HKRATI POSEBNI<\/li>\n\n\n\n<li>OPAZOVANJE SAMEGA SEBE V OGLEDALU TER RISANJE S FLOMASTROM<\/li>\n\n\n\n<li>RISANJE PRIJATELJA OB OPAZOVANJU LE TEGA<\/li>\n\n\n\n<li>PETJE PESMICE MI SE IMAMO RADI<\/li>\n<\/ul>\n\n\n\n<figure class=\"wp-block-gallery has-nested-images columns-default is-cropped wp-block-gallery-4 is-layout-flex wp-block-gallery-is-layout-flex\">\n<figure class=\"wp-block-image size-large\"><img loading=\"lazy\" decoding=\"async\" width=\"472\" height=\"1024\" data-id=\"4642\" src=\"https:\/\/vrtecsemedela.si\/wp-content\/uploads\/2023\/12\/20230912_102544-472x1024.jpg\" alt=\"\" class=\"wp-image-4642\" srcset=\"https:\/\/vrtecsemedela.si\/wp-content\/uploads\/2023\/12\/20230912_102544-472x1024.jpg 472w, https:\/\/vrtecsemedela.si\/wp-content\/uploads\/2023\/12\/20230912_102544-138x300.jpg 138w, https:\/\/vrtecsemedela.si\/wp-content\/uploads\/2023\/12\/20230912_102544-768x1666.jpg 768w, https:\/\/vrtecsemedela.si\/wp-content\/uploads\/2023\/12\/20230912_102544-708x1536.jpg 708w, https:\/\/vrtecsemedela.si\/wp-content\/uploads\/2023\/12\/20230912_102544-944x2048.jpg 944w, https:\/\/vrtecsemedela.si\/wp-content\/uploads\/2023\/12\/20230912_102544-scaled.jpg 1180w\" sizes=\"auto, (max-width: 472px) 100vw, 472px\" \/><\/figure>\n\n\n\n<figure class=\"wp-block-image size-large\"><img loading=\"lazy\" decoding=\"async\" width=\"472\" height=\"1024\" data-id=\"4643\" src=\"https:\/\/vrtecsemedela.si\/wp-content\/uploads\/2023\/12\/20230920_103051-472x1024.jpg\" alt=\"\" class=\"wp-image-4643\" srcset=\"https:\/\/vrtecsemedela.si\/wp-content\/uploads\/2023\/12\/20230920_103051-472x1024.jpg 472w, https:\/\/vrtecsemedela.si\/wp-content\/uploads\/2023\/12\/20230920_103051-138x300.jpg 138w, https:\/\/vrtecsemedela.si\/wp-content\/uploads\/2023\/12\/20230920_103051-768x1666.jpg 768w, https:\/\/vrtecsemedela.si\/wp-content\/uploads\/2023\/12\/20230920_103051-708x1536.jpg 708w, https:\/\/vrtecsemedela.si\/wp-content\/uploads\/2023\/12\/20230920_103051-944x2048.jpg 944w, https:\/\/vrtecsemedela.si\/wp-content\/uploads\/2023\/12\/20230920_103051-scaled.jpg 1180w\" sizes=\"auto, (max-width: 472px) 100vw, 472px\" \/><\/figure>\n<\/figure>\n\n\n\n<p class=\"has-text-align-right has-luminous-vivid-amber-color has-text-color\"><strong>ENOTA SLAVNIK<\/strong><\/p>\n\n\n\n<figure class=\"wp-block-gallery has-nested-images columns-default is-cropped wp-block-gallery-5 is-layout-flex wp-block-gallery-is-layout-flex\">\n<figure class=\"wp-block-image size-large\"><img loading=\"lazy\" decoding=\"async\" width=\"658\" height=\"1024\" data-id=\"4533\" src=\"https:\/\/vrtecsemedela.si\/wp-content\/uploads\/2023\/11\/3-5-opazovanje-in-risanje-prijatelja-658x1024.jpg\" alt=\"\" class=\"wp-image-4533\" srcset=\"https:\/\/vrtecsemedela.si\/wp-content\/uploads\/2023\/11\/3-5-opazovanje-in-risanje-prijatelja-658x1024.jpg 658w, https:\/\/vrtecsemedela.si\/wp-content\/uploads\/2023\/11\/3-5-opazovanje-in-risanje-prijatelja-193x300.jpg 193w, https:\/\/vrtecsemedela.si\/wp-content\/uploads\/2023\/11\/3-5-opazovanje-in-risanje-prijatelja-768x1194.jpg 768w, https:\/\/vrtecsemedela.si\/wp-content\/uploads\/2023\/11\/3-5-opazovanje-in-risanje-prijatelja-988x1536.jpg 988w, https:\/\/vrtecsemedela.si\/wp-content\/uploads\/2023\/11\/3-5-opazovanje-in-risanje-prijatelja-1317x2048.jpg 1317w, https:\/\/vrtecsemedela.si\/wp-content\/uploads\/2023\/11\/3-5-opazovanje-in-risanje-prijatelja-scaled.jpg 1646w\" sizes=\"auto, (max-width: 658px) 100vw, 658px\" \/><figcaption class=\"wp-element-caption\">Opazovanje in risanje prijatelja<\/figcaption><\/figure>\n\n\n\n<figure class=\"wp-block-image size-large\"><img loading=\"lazy\" decoding=\"async\" width=\"768\" height=\"1024\" data-id=\"4532\" src=\"https:\/\/vrtecsemedela.si\/wp-content\/uploads\/2023\/11\/3-5-opazovanje-in-barvanje-768x1024.jpg\" alt=\"\" class=\"wp-image-4532\" srcset=\"https:\/\/vrtecsemedela.si\/wp-content\/uploads\/2023\/11\/3-5-opazovanje-in-barvanje-768x1024.jpg 768w, https:\/\/vrtecsemedela.si\/wp-content\/uploads\/2023\/11\/3-5-opazovanje-in-barvanje-225x300.jpg 225w, https:\/\/vrtecsemedela.si\/wp-content\/uploads\/2023\/11\/3-5-opazovanje-in-barvanje-1152x1536.jpg 1152w, https:\/\/vrtecsemedela.si\/wp-content\/uploads\/2023\/11\/3-5-opazovanje-in-barvanje-1536x2048.jpg 1536w, https:\/\/vrtecsemedela.si\/wp-content\/uploads\/2023\/11\/3-5-opazovanje-in-barvanje-scaled.jpg 1920w\" sizes=\"auto, (max-width: 768px) 100vw, 768px\" \/><figcaption class=\"wp-element-caption\">Opazovanje in barvanje<\/figcaption><\/figure>\n<\/figure>\n\n\n\n<p>V enoti Slavnik poteka tudi razstava otro\u0161kih likovnih izdelkov. Vabljeni na ogled!<\/p>\n\n\n\n<figure class=\"wp-block-gallery has-nested-images columns-default is-cropped wp-block-gallery-6 is-layout-flex wp-block-gallery-is-layout-flex\">\n<figure class=\"wp-block-image size-large\"><img loading=\"lazy\" decoding=\"async\" width=\"1024\" height=\"769\" data-id=\"4537\" src=\"https:\/\/vrtecsemedela.si\/wp-content\/uploads\/2023\/12\/1701362176731-1024x769.jpg\" alt=\"\" class=\"wp-image-4537\" srcset=\"https:\/\/vrtecsemedela.si\/wp-content\/uploads\/2023\/12\/1701362176731-1024x769.jpg 1024w, https:\/\/vrtecsemedela.si\/wp-content\/uploads\/2023\/12\/1701362176731-300x225.jpg 300w, https:\/\/vrtecsemedela.si\/wp-content\/uploads\/2023\/12\/1701362176731-768x577.jpg 768w, https:\/\/vrtecsemedela.si\/wp-content\/uploads\/2023\/12\/1701362176731-1536x1153.jpg 1536w, https:\/\/vrtecsemedela.si\/wp-content\/uploads\/2023\/12\/1701362176731-2048x1538.jpg 2048w\" sizes=\"auto, (max-width: 1024px) 100vw, 1024px\" \/><\/figure>\n\n\n\n<figure class=\"wp-block-image size-large\"><img loading=\"lazy\" decoding=\"async\" width=\"769\" height=\"1024\" data-id=\"4538\" src=\"https:\/\/vrtecsemedela.si\/wp-content\/uploads\/2023\/12\/1701362186923-769x1024.jpg\" alt=\"\" class=\"wp-image-4538\" srcset=\"https:\/\/vrtecsemedela.si\/wp-content\/uploads\/2023\/12\/1701362186923-769x1024.jpg 769w, https:\/\/vrtecsemedela.si\/wp-content\/uploads\/2023\/12\/1701362186923-225x300.jpg 225w, https:\/\/vrtecsemedela.si\/wp-content\/uploads\/2023\/12\/1701362186923-768x1023.jpg 768w, https:\/\/vrtecsemedela.si\/wp-content\/uploads\/2023\/12\/1701362186923-1153x1536.jpg 1153w, https:\/\/vrtecsemedela.si\/wp-content\/uploads\/2023\/12\/1701362186923-1538x2048.jpg 1538w, https:\/\/vrtecsemedela.si\/wp-content\/uploads\/2023\/12\/1701362186923-scaled.jpg 1922w\" sizes=\"auto, (max-width: 769px) 100vw, 769px\" \/><\/figure>\n<\/figure>\n\n\n\n<p class=\"has-text-align-center has-cool-to-warm-spectrum-gradient-background has-background\"><strong>Torej smo strpni, ko smo z nekom prijatelji, se spo\u0161tujemo in se imamo radi.<\/strong><\/p>\n","protected":false},"excerpt":{"rendered":"<p>V \u010detrtek, 16. 11. 2023, smo tudi v vrtcu Semedela obele\u017eili Dan strpnosti &#8211; dan za strpnost in prijatelljstvo. Leto\u0161nja tema projekta se je glasila STOP SOVRA\u017dNEMU GOVORU \u2013 SPO\u0160TUJMO RAZLIKE MED NAMI. Namen projekta je, da skozi uresni\u010devanje vseh ciljev spodbujamo prijateljstvo med otroki, medsebojno spo\u0161tovanje, razumevanje, sprejemanje ter posledi\u010dno tudi sodelovanje med njimi. &hellip; <\/p>\n<p class=\"link-more\"><a href=\"https:\/\/vrtecsemedela.si\/index.php\/mednarodni-dan-strpnosti\/\" class=\"more-link\">Continue reading<span class=\"screen-reader-text\"> &#8220;MEDNARODNI DAN STRPNOSTI&#8221;<\/span><\/a><\/p>\n","protected":false},"author":6,"featured_media":4539,"comment_status":"closed","ping_status":"closed","sticky":false,"template":"","format":"standard","meta":{"footnotes":""},"categories":[8],"tags":[],"class_list":["post-4514","post","type-post","status-publish","format-standard","has-post-thumbnail","hentry","category-novice"],"_links":{"self":[{"href":"https:\/\/vrtecsemedela.si\/index.php\/wp-json\/wp\/v2\/posts\/4514","targetHints":{"allow":["GET"]}}],"collection":[{"href":"https:\/\/vrtecsemedela.si\/index.php\/wp-json\/wp\/v2\/posts"}],"about":[{"href":"https:\/\/vrtecsemedela.si\/index.php\/wp-json\/wp\/v2\/types\/post"}],"author":[{"embeddable":true,"href":"https:\/\/vrtecsemedela.si\/index.php\/wp-json\/wp\/v2\/users\/6"}],"replies":[{"embeddable":true,"href":"https:\/\/vrtecsemedela.si\/index.php\/wp-json\/wp\/v2\/comments?post=4514"}],"version-history":[{"count":11,"href":"https:\/\/vrtecsemedela.si\/index.php\/wp-json\/wp\/v2\/posts\/4514\/revisions"}],"predecessor-version":[{"id":4644,"href":"https:\/\/vrtecsemedela.si\/index.php\/wp-json\/wp\/v2\/posts\/4514\/revisions\/4644"}],"wp:featuredmedia":[{"embeddable":true,"href":"https:\/\/vrtecsemedela.si\/index.php\/wp-json\/wp\/v2\/media\/4539"}],"wp:attachment":[{"href":"https:\/\/vrtecsemedela.si\/index.php\/wp-json\/wp\/v2\/media?parent=4514"}],"wp:term":[{"taxonomy":"category","embeddable":true,"href":"https:\/\/vrtecsemedela.si\/index.php\/wp-json\/wp\/v2\/categories?post=4514"},{"taxonomy":"post_tag","embeddable":true,"href":"https:\/\/vrtecsemedela.si\/index.php\/wp-json\/wp\/v2\/tags?post=4514"}],"curies":[{"name":"wp","href":"https:\/\/api.w.org\/{rel}","templated":true}]}}