{"id":3415,"date":"2023-04-22T08:14:00","date_gmt":"2023-04-22T06:14:00","guid":{"rendered":"http:\/\/vrtecsemedela.si\/?p=3415"},"modified":"2023-05-05T07:21:19","modified_gmt":"2023-05-05T05:21:19","slug":"obelezili-smo-svetovni-dan-zemlje","status":"publish","type":"post","link":"https:\/\/vrtecsemedela.si\/index.php\/obelezili-smo-svetovni-dan-zemlje\/","title":{"rendered":"Obele\u017eili smo svetovni dan Zemlje"},"content":{"rendered":"\n<p class=\"has-light-green-cyan-color has-vivid-cyan-blue-to-vivid-purple-gradient-background has-text-color has-background\">Od leta 1970, se svetovni dan Zemlje obele\u017euje 22. aprila, in tako smo storili tudi letos. Na razli\u010dne na\u010dine smo ugotavljali kaj se z na\u0161im planetom dogaja in kako smo do na\u0161ega planeta lahko prijaznej\u0161i. raziskovali smo tudi kaj lahko mi storimo, da bomo \u017eiveli v \u010distem in zdravem okolju.<\/p>\n\n\n\n<figure class=\"wp-block-gallery has-nested-images columns-default is-cropped wp-block-gallery-1 is-layout-flex wp-block-gallery-is-layout-flex\">\n<figure class=\"wp-block-image size-large\"><img loading=\"lazy\" decoding=\"async\" width=\"1024\" height=\"768\" data-id=\"3424\" src=\"https:\/\/vrtecsemedela.si\/wp-content\/uploads\/2023\/05\/IMG_20230421_095658-1024x768.jpg\" alt=\"\" class=\"wp-image-3424\" srcset=\"https:\/\/vrtecsemedela.si\/wp-content\/uploads\/2023\/05\/IMG_20230421_095658-1024x768.jpg 1024w, https:\/\/vrtecsemedela.si\/wp-content\/uploads\/2023\/05\/IMG_20230421_095658-300x225.jpg 300w, https:\/\/vrtecsemedela.si\/wp-content\/uploads\/2023\/05\/IMG_20230421_095658-768x576.jpg 768w, https:\/\/vrtecsemedela.si\/wp-content\/uploads\/2023\/05\/IMG_20230421_095658-1536x1152.jpg 1536w, https:\/\/vrtecsemedela.si\/wp-content\/uploads\/2023\/05\/IMG_20230421_095658-2048x1536.jpg 2048w\" sizes=\"auto, (max-width: 1024px) 100vw, 1024px\" \/><\/figure>\n\n\n\n<figure class=\"wp-block-image size-large\"><img loading=\"lazy\" decoding=\"async\" width=\"1024\" height=\"768\" data-id=\"3425\" src=\"https:\/\/vrtecsemedela.si\/wp-content\/uploads\/2023\/05\/IMG_20230421_115626-1024x768.jpg\" alt=\"\" class=\"wp-image-3425\" srcset=\"https:\/\/vrtecsemedela.si\/wp-content\/uploads\/2023\/05\/IMG_20230421_115626-1024x768.jpg 1024w, https:\/\/vrtecsemedela.si\/wp-content\/uploads\/2023\/05\/IMG_20230421_115626-300x225.jpg 300w, https:\/\/vrtecsemedela.si\/wp-content\/uploads\/2023\/05\/IMG_20230421_115626-768x576.jpg 768w, https:\/\/vrtecsemedela.si\/wp-content\/uploads\/2023\/05\/IMG_20230421_115626-1536x1152.jpg 1536w, https:\/\/vrtecsemedela.si\/wp-content\/uploads\/2023\/05\/IMG_20230421_115626-2048x1536.jpg 2048w\" sizes=\"auto, (max-width: 1024px) 100vw, 1024px\" \/><\/figure>\n<\/figure>\n\n\n\n<figure class=\"wp-block-image size-full\"><img decoding=\"async\" src=\"https:\/\/vrtecsemedela.si\/wp-content\/uploads\/2023\/05\/kolaz3.jpg\" alt=\"\" class=\"wp-image-3426\"\/><\/figure>\n","protected":false},"excerpt":{"rendered":"<p>Od leta 1970, se svetovni dan Zemlje obele\u017euje 22. aprila, in tako smo storili tudi letos. Na razli\u010dne na\u010dine smo ugotavljali kaj se z na\u0161im planetom dogaja in kako smo do na\u0161ega planeta lahko prijaznej\u0161i. raziskovali smo tudi kaj lahko mi storimo, da bomo \u017eiveli v \u010distem in zdravem okolju.<\/p>\n","protected":false},"author":8,"featured_media":3426,"comment_status":"closed","ping_status":"closed","sticky":false,"template":"","format":"standard","meta":{"footnotes":""},"categories":[20],"tags":[],"class_list":["post-3415","post","type-post","status-publish","format-standard","has-post-thumbnail","hentry","category-prisoje"],"_links":{"self":[{"href":"https:\/\/vrtecsemedela.si\/index.php\/wp-json\/wp\/v2\/posts\/3415","targetHints":{"allow":["GET"]}}],"collection":[{"href":"https:\/\/vrtecsemedela.si\/index.php\/wp-json\/wp\/v2\/posts"}],"about":[{"href":"https:\/\/vrtecsemedela.si\/index.php\/wp-json\/wp\/v2\/types\/post"}],"author":[{"embeddable":true,"href":"https:\/\/vrtecsemedela.si\/index.php\/wp-json\/wp\/v2\/users\/8"}],"replies":[{"embeddable":true,"href":"https:\/\/vrtecsemedela.si\/index.php\/wp-json\/wp\/v2\/comments?post=3415"}],"version-history":[{"count":3,"href":"https:\/\/vrtecsemedela.si\/index.php\/wp-json\/wp\/v2\/posts\/3415\/revisions"}],"predecessor-version":[{"id":3450,"href":"https:\/\/vrtecsemedela.si\/index.php\/wp-json\/wp\/v2\/posts\/3415\/revisions\/3450"}],"wp:featuredmedia":[{"embeddable":true,"href":"https:\/\/vrtecsemedela.si\/index.php\/wp-json\/wp\/v2\/media\/3426"}],"wp:attachment":[{"href":"https:\/\/vrtecsemedela.si\/index.php\/wp-json\/wp\/v2\/media?parent=3415"}],"wp:term":[{"taxonomy":"category","embeddable":true,"href":"https:\/\/vrtecsemedela.si\/index.php\/wp-json\/wp\/v2\/categories?post=3415"},{"taxonomy":"post_tag","embeddable":true,"href":"https:\/\/vrtecsemedela.si\/index.php\/wp-json\/wp\/v2\/tags?post=3415"}],"curies":[{"name":"wp","href":"https:\/\/api.w.org\/{rel}","templated":true}]}}